{"id":17419,"date":"2025-12-15T22:25:15","date_gmt":"2025-12-15T22:25:15","guid":{"rendered":"https:\/\/www.aemontemor.pt\/?p=17419"},"modified":"2025-12-15T22:33:52","modified_gmt":"2025-12-15T22:33:52","slug":"o-natal-na-escola","status":"publish","type":"post","link":"https:\/\/www.aemontemor.pt\/en\/o-natal-na-escola\/","title":{"rendered":"Christmas at School"},"content":{"rendered":"<p>Christmas has arrived at the Montemor Basic and Secondary School, bringing with it the magic that only arises when the whole school comes together.<\/p>\n\n\n\n<p>In a collaboration between students, families, the Religious and Moral Education (EMRC) and Technological Education (ET) disciplines, and the MOV+Solid\u00e1rio Club, our atrium was filled with Christmas spirit in the form of art. The nativity scenes created by the 5th grade filled the space with tenderness, while our Human Rights Tree was once again erected as a symbol of hope, decorated with the work of the 6th grade and illuminated by the warm wishes of Joyeux No\u00ebl from the French discipline.<\/p>\n\n\n\n<p>The school was filled with love and solidarity to celebrate this festive season.<\/p>\n\n\n\n<p>To everyone, we wish a holy and happy Christmas.<\/p>\n\n\n\n<p>When everyone comes together... it&#039;s Christmas.<\/p>\n\n\n\n<figure class=\"wp-block-video\"><video height=\"864\" style=\"aspect-ratio: 480 \/ 864;\" width=\"480\" controls src=\"https:\/\/www.aemontemor.pt\/wp-content\/uploads\/2025\/12\/5ec8dfe9-d6a4-497a-9cb2-b75e03191e87.mp4\"><\/video><\/figure>\n\n\n\n<figure class=\"wp-block-video\"><video height=\"864\" style=\"aspect-ratio: 480 \/ 864;\" width=\"480\" controls src=\"https:\/\/www.aemontemor.pt\/wp-content\/uploads\/2025\/12\/d17e29ed-b709-43fb-bce7-ac29fa260d28.mp4\"><\/video><\/figure>\n\n\n\n<figure class=\"wp-block-video\"><video height=\"864\" style=\"aspect-ratio: 480 \/ 864;\" width=\"480\" controls src=\"https:\/\/www.aemontemor.pt\/wp-content\/uploads\/2025\/12\/ff2f1f12-c25c-4bec-b502-42eaaa68a542.mp4\" playsinline><\/video><\/figure>\n\n\n\n<figure class=\"wp-block-audio\"><audio controls src=\"https:\/\/www.aemontemor.pt\/wp-content\/uploads\/2025\/12\/holly-christmas-opener-449310.mp3\" autoplay loop preload=\"auto\"><\/audio><\/figure>\n\n\n\n<p><\/p>","protected":false},"excerpt":{"rendered":"<p>O Natal chegou \u00e0 Escola B\u00e1sica e Secund\u00e1ria de Montemor e trouxe consigo a magia que s\u00f3 nasce quando a escola inteira se une. Numa colabora\u00e7\u00e3o entre alunos, fam\u00edlias, a disciplina de EMRC, a disciplina de ET e o Clube &hellip; <\/p>","protected":false},"author":1,"featured_media":17425,"comment_status":"closed","ping_status":"closed","sticky":false,"template":"","format":"standard","meta":{"rs_blank_template":"","rs_page_bg_color":"","slide_template_v7":"","footnotes":""},"categories":[79,70,67],"tags":[],"class_list":["post-17419","post","type-post","status-publish","format-standard","has-post-thumbnail","hentry","category-aemov","category-ano-letivo-2025-2026","category-informacoes-gerais"],"_links":{"self":[{"href":"https:\/\/www.aemontemor.pt\/en\/wp-json\/wp\/v2\/posts\/17419","targetHints":{"allow":["GET"]}}],"collection":[{"href":"https:\/\/www.aemontemor.pt\/en\/wp-json\/wp\/v2\/posts"}],"about":[{"href":"https:\/\/www.aemontemor.pt\/en\/wp-json\/wp\/v2\/types\/post"}],"author":[{"embeddable":true,"href":"https:\/\/www.aemontemor.pt\/en\/wp-json\/wp\/v2\/users\/1"}],"replies":[{"embeddable":true,"href":"https:\/\/www.aemontemor.pt\/en\/wp-json\/wp\/v2\/comments?post=17419"}],"version-history":[{"count":1,"href":"https:\/\/www.aemontemor.pt\/en\/wp-json\/wp\/v2\/posts\/17419\/revisions"}],"predecessor-version":[{"id":17424,"href":"https:\/\/www.aemontemor.pt\/en\/wp-json\/wp\/v2\/posts\/17419\/revisions\/17424"}],"wp:featuredmedia":[{"embeddable":true,"href":"https:\/\/www.aemontemor.pt\/en\/wp-json\/wp\/v2\/media\/17425"}],"wp:attachment":[{"href":"https:\/\/www.aemontemor.pt\/en\/wp-json\/wp\/v2\/media?parent=17419"}],"wp:term":[{"taxonomy":"category","embeddable":true,"href":"https:\/\/www.aemontemor.pt\/en\/wp-json\/wp\/v2\/categories?post=17419"},{"taxonomy":"post_tag","embeddable":true,"href":"https:\/\/www.aemontemor.pt\/en\/wp-json\/wp\/v2\/tags?post=17419"}],"curies":[{"name":"wp","href":"https:\/\/api.w.org\/{rel}","templated":true}]}}