{"id":17962,"date":"2026-04-27T14:16:15","date_gmt":"2026-04-27T14:16:15","guid":{"rendered":"https:\/\/www.aemontemor.pt\/?p=17962"},"modified":"2026-04-27T14:21:22","modified_gmt":"2026-04-27T14:21:22","slug":"mexe-tepela-tua-saude","status":"publish","type":"post","link":"https:\/\/www.aemontemor.pt\/en\/mexe-tepela-tua-saude\/","title":{"rendered":"\u201c&quot;Get moving...for your health&quot;\u201d"},"content":{"rendered":"<p>Under the motto \u201c<strong>Get moving...for your health.<\/strong>\u201dOn March 27th, the traditional Healthy Walk took place, with the participation of the entire school community of EB 2,3 Dr. Jos\u00e9 dos Santos Bessa, in Carapinheira. The initiative involved students from the 5th to the 9th grade, teachers, operational assistants, parents\/guardians, and family members.<\/p>\n\n\n\n<p>The activity&#039;s main objectives were to promote healthy lifestyles, raise awareness of the importance of regular physical exercise, and strengthen cooperative ties between students from different educational levels, as well as between teaching and non-teaching staff and families. These goals were largely achieved, reflecting the spirit of unity and well-being experienced throughout the event.<\/p>\n\n\n\n<figure class=\"wp-block-gallery has-nested-images columns-default is-cropped wp-block-gallery-1 is-layout-flex wp-block-gallery-is-layout-flex\">\n<figure class=\"wp-block-image size-large\"><img fetchpriority=\"high\" decoding=\"async\" width=\"768\" height=\"1024\" data-id=\"17965\" src=\"https:\/\/www.aemontemor.pt\/wp-content\/uploads\/2026\/04\/WhatsApp-Image-2026-768x1024.jpeg\" alt=\"\" class=\"wp-image-17965\" srcset=\"https:\/\/www.aemontemor.pt\/wp-content\/uploads\/2026\/04\/WhatsApp-Image-2026-768x1024.jpeg 768w, https:\/\/www.aemontemor.pt\/wp-content\/uploads\/2026\/04\/WhatsApp-Image-2026-225x300.jpeg 225w, https:\/\/www.aemontemor.pt\/wp-content\/uploads\/2026\/04\/WhatsApp-Image-2026-1152x1536.jpeg 1152w, https:\/\/www.aemontemor.pt\/wp-content\/uploads\/2026\/04\/WhatsApp-Image-2026-9x12.jpeg 9w, https:\/\/www.aemontemor.pt\/wp-content\/uploads\/2026\/04\/WhatsApp-Image-2026-600x800.jpeg 600w, https:\/\/www.aemontemor.pt\/wp-content\/uploads\/2026\/04\/WhatsApp-Image-2026.jpeg 1530w\" sizes=\"(max-width: 768px) 100vw, 768px\" \/><\/figure>\n\n\n\n<figure class=\"wp-block-image size-large\"><img decoding=\"async\" width=\"1024\" height=\"768\" data-id=\"17964\" src=\"https:\/\/www.aemontemor.pt\/wp-content\/uploads\/2026\/04\/Caminhada-3-1024x768.jpeg\" alt=\"\" class=\"wp-image-17964\" srcset=\"https:\/\/www.aemontemor.pt\/wp-content\/uploads\/2026\/04\/Caminhada-3-1024x768.jpeg 1024w, https:\/\/www.aemontemor.pt\/wp-content\/uploads\/2026\/04\/Caminhada-3-300x225.jpeg 300w, https:\/\/www.aemontemor.pt\/wp-content\/uploads\/2026\/04\/Caminhada-3-768x576.jpeg 768w, https:\/\/www.aemontemor.pt\/wp-content\/uploads\/2026\/04\/Caminhada-3-1536x1152.jpeg 1536w, https:\/\/www.aemontemor.pt\/wp-content\/uploads\/2026\/04\/Caminhada-3-16x12.jpeg 16w, https:\/\/www.aemontemor.pt\/wp-content\/uploads\/2026\/04\/Caminhada-3-400x300.jpeg 400w, https:\/\/www.aemontemor.pt\/wp-content\/uploads\/2026\/04\/Caminhada-3-600x450.jpeg 600w, https:\/\/www.aemontemor.pt\/wp-content\/uploads\/2026\/04\/Caminhada-3.jpeg 2040w\" sizes=\"(max-width: 1024px) 100vw, 1024px\" \/><\/figure>\n\n\n\n<figure class=\"wp-block-image size-large\"><img decoding=\"async\" width=\"768\" height=\"1024\" data-id=\"17963\" src=\"https:\/\/www.aemontemor.pt\/wp-content\/uploads\/2026\/04\/Caminhada-7-768x1024.jpeg\" alt=\"\" class=\"wp-image-17963\" srcset=\"https:\/\/www.aemontemor.pt\/wp-content\/uploads\/2026\/04\/Caminhada-7-768x1024.jpeg 768w, https:\/\/www.aemontemor.pt\/wp-content\/uploads\/2026\/04\/Caminhada-7-225x300.jpeg 225w, https:\/\/www.aemontemor.pt\/wp-content\/uploads\/2026\/04\/Caminhada-7-1152x1536.jpeg 1152w, https:\/\/www.aemontemor.pt\/wp-content\/uploads\/2026\/04\/Caminhada-7-9x12.jpeg 9w, https:\/\/www.aemontemor.pt\/wp-content\/uploads\/2026\/04\/Caminhada-7-600x800.jpeg 600w, https:\/\/www.aemontemor.pt\/wp-content\/uploads\/2026\/04\/Caminhada-7.jpeg 1530w\" sizes=\"(max-width: 768px) 100vw, 768px\" \/><\/figure>\n<\/figure>","protected":false},"excerpt":{"rendered":"<p>Sob o lema \u201cMexe-te\u2026pela tua sa\u00fade\u201d, realizou-se no dia 27 de mar\u00e7o, a j\u00e1 tradicional Caminhada Saud\u00e1vel, que contou com a participa\u00e7\u00e3o de toda a comunidade escolar da EB 2,3 Dr. Jos\u00e9 dos Santos Bessa, da Carapinheira. A iniciativa envolveu &hellip; <\/p>","protected":false},"author":1,"featured_media":17966,"comment_status":"closed","ping_status":"closed","sticky":false,"template":"","format":"standard","meta":{"rs_blank_template":"","rs_page_bg_color":"","slide_template_v7":"","footnotes":""},"categories":[79,70,73,75,67],"tags":[],"class_list":["post-17962","post","type-post","status-publish","format-standard","has-post-thumbnail","hentry","category-aemov","category-ano-letivo-2025-2026","category-carapinheira","category-eb-2-3-dr-jose-dos-santos-bessa","category-informacoes-gerais"],"_links":{"self":[{"href":"https:\/\/www.aemontemor.pt\/en\/wp-json\/wp\/v2\/posts\/17962","targetHints":{"allow":["GET"]}}],"collection":[{"href":"https:\/\/www.aemontemor.pt\/en\/wp-json\/wp\/v2\/posts"}],"about":[{"href":"https:\/\/www.aemontemor.pt\/en\/wp-json\/wp\/v2\/types\/post"}],"author":[{"embeddable":true,"href":"https:\/\/www.aemontemor.pt\/en\/wp-json\/wp\/v2\/users\/1"}],"replies":[{"embeddable":true,"href":"https:\/\/www.aemontemor.pt\/en\/wp-json\/wp\/v2\/comments?post=17962"}],"version-history":[{"count":1,"href":"https:\/\/www.aemontemor.pt\/en\/wp-json\/wp\/v2\/posts\/17962\/revisions"}],"predecessor-version":[{"id":17967,"href":"https:\/\/www.aemontemor.pt\/en\/wp-json\/wp\/v2\/posts\/17962\/revisions\/17967"}],"wp:featuredmedia":[{"embeddable":true,"href":"https:\/\/www.aemontemor.pt\/en\/wp-json\/wp\/v2\/media\/17966"}],"wp:attachment":[{"href":"https:\/\/www.aemontemor.pt\/en\/wp-json\/wp\/v2\/media?parent=17962"}],"wp:term":[{"taxonomy":"category","embeddable":true,"href":"https:\/\/www.aemontemor.pt\/en\/wp-json\/wp\/v2\/categories?post=17962"},{"taxonomy":"post_tag","embeddable":true,"href":"https:\/\/www.aemontemor.pt\/en\/wp-json\/wp\/v2\/tags?post=17962"}],"curies":[{"name":"wp","href":"https:\/\/api.w.org\/{rel}","templated":true}]}}