{"id":17968,"date":"2026-04-27T16:14:20","date_gmt":"2026-04-27T16:14:20","guid":{"rendered":"https:\/\/www.aemontemor.pt\/?p=17968"},"modified":"2026-04-27T16:15:35","modified_gmt":"2026-04-27T16:15:35","slug":"exposicao-espantalhos-2026","status":"publish","type":"post","link":"https:\/\/www.aemontemor.pt\/en\/exposicao-espantalhos-2026\/","title":{"rendered":"Scarecrows Exhibition 2026"},"content":{"rendered":"<p><strong>INVITATION<\/strong><\/p>\n\n\n\n<p>All students and their guardians are invited to participate in the creative construction of a scarecrow, using recycled materials.<\/p>\n\n\n\n<p>The assignments must be submitted to the school by the next day. <strong>June 5th<\/strong>, properly identified with a label provided by the school, to be displayed and appreciated by the entire community during the month of <strong>June and July<\/strong>, in the N. Senhora das Dores garden, next to the Health Center.<\/p>\n\n\n\n<div data-wp-interactive=\"core\/file\" class=\"wp-block-file\"><object data-wp-bind--hidden=\"!state.hasPdfPreview\" hidden class=\"wp-block-file__embed\" data=\"https:\/\/www.aemontemor.pt\/wp-content\/uploads\/2026\/04\/Exposicao-Espantalhos.26.pdf\" type=\"application\/pdf\" style=\"width:100%;height:600px\" aria-label=\"Embed of Exposi\u00e7\u00e3o Espantalhos.26.\"><\/object><a id=\"wp-block-file--media-c20acc5c-6df5-4505-b4a5-da06e13ef50e\" href=\"https:\/\/www.aemontemor.pt\/wp-content\/uploads\/2026\/04\/Exposicao-Espantalhos.26.pdf\">Scarecrow Exhibition.26<\/a><a href=\"https:\/\/www.aemontemor.pt\/wp-content\/uploads\/2026\/04\/Exposicao-Espantalhos.26.pdf\" class=\"wp-block-file__button wp-element-button\" download aria-describedby=\"wp-block-file--media-c20acc5c-6df5-4505-b4a5-da06e13ef50e\">Download<\/a><\/div>","protected":false},"excerpt":{"rendered":"<p>CONVITE Convidam-se todos os alunos e encarregados de educa\u00e7\u00e3o a participarem na constru\u00e7\u00e3o de um espantalho, de forma criativa, com recurso \u00e0 reutiliza\u00e7\u00e3o de materiais. Os trabalhos dever\u00e3o ser entregues na escola at\u00e9 ao pr\u00f3ximo dia 5 de junho, devidamente &hellip; <\/p>","protected":false},"author":1,"featured_media":17970,"comment_status":"closed","ping_status":"closed","sticky":false,"template":"","format":"standard","meta":{"rs_blank_template":"","rs_page_bg_color":"","slide_template_v7":"","footnotes":""},"categories":[79,70,73,75,67],"tags":[],"class_list":["post-17968","post","type-post","status-publish","format-standard","has-post-thumbnail","hentry","category-aemov","category-ano-letivo-2025-2026","category-carapinheira","category-eb-2-3-dr-jose-dos-santos-bessa","category-informacoes-gerais"],"_links":{"self":[{"href":"https:\/\/www.aemontemor.pt\/en\/wp-json\/wp\/v2\/posts\/17968","targetHints":{"allow":["GET"]}}],"collection":[{"href":"https:\/\/www.aemontemor.pt\/en\/wp-json\/wp\/v2\/posts"}],"about":[{"href":"https:\/\/www.aemontemor.pt\/en\/wp-json\/wp\/v2\/types\/post"}],"author":[{"embeddable":true,"href":"https:\/\/www.aemontemor.pt\/en\/wp-json\/wp\/v2\/users\/1"}],"replies":[{"embeddable":true,"href":"https:\/\/www.aemontemor.pt\/en\/wp-json\/wp\/v2\/comments?post=17968"}],"version-history":[{"count":1,"href":"https:\/\/www.aemontemor.pt\/en\/wp-json\/wp\/v2\/posts\/17968\/revisions"}],"predecessor-version":[{"id":17971,"href":"https:\/\/www.aemontemor.pt\/en\/wp-json\/wp\/v2\/posts\/17968\/revisions\/17971"}],"wp:featuredmedia":[{"embeddable":true,"href":"https:\/\/www.aemontemor.pt\/en\/wp-json\/wp\/v2\/media\/17970"}],"wp:attachment":[{"href":"https:\/\/www.aemontemor.pt\/en\/wp-json\/wp\/v2\/media?parent=17968"}],"wp:term":[{"taxonomy":"category","embeddable":true,"href":"https:\/\/www.aemontemor.pt\/en\/wp-json\/wp\/v2\/categories?post=17968"},{"taxonomy":"post_tag","embeddable":true,"href":"https:\/\/www.aemontemor.pt\/en\/wp-json\/wp\/v2\/tags?post=17968"}],"curies":[{"name":"wp","href":"https:\/\/api.w.org\/{rel}","templated":true}]}}