{"id":17972,"date":"2026-04-28T15:58:42","date_gmt":"2026-04-28T15:58:42","guid":{"rendered":"https:\/\/www.aemontemor.pt\/?p=17972"},"modified":"2026-04-28T15:58:44","modified_gmt":"2026-04-28T15:58:44","slug":"campeoes-regionais-atletismo","status":"publish","type":"post","link":"https:\/\/www.aemontemor.pt\/en\/campeoes-regionais-atletismo\/","title":{"rendered":"Regional Champions \u2013 Athletics"},"content":{"rendered":"<p>Initiates of the Montemor-O-Velho Group<\/p>\n\n\n\n<p>Sara Carnim, Luciana Gomes, \u00c9rica Mendes, and Aline Rama were also featured.<\/p>\n\n\n\n<p>On April 24th, the Vagos Athletics Track hosted the Regional Track and Field Championships of the School Sports Regional Directorate of Education of the Central Region. Fifteen students from our school group were selected to represent Coimbra in an event that included approximately two hundred participants from schools belonging to the districts of Coimbra, Castelo Branco, Viseu, Aveiro, Leiria, and Guarda. The commitment and determination of our students, from the schools of Carapinheira, Arazede, Pereira, and Montemor, were once again put into action. Our participation included eight students from the beginners&#039; team, two beginners&#039; students, one junior student, and three referees.<\/p>\n\n\n\n<p>The junior students repeated their collective title from the previous school year, becoming REGIONAL CHAMPIONS. Now, between May 28th and 30th, they will be in Aveiro, where they will participate in the National Championship.<\/p>\n\n\n\n<p>Here are the new Regional Champions: Afonso N\u00e9lson, Afonso \u00c2ngelo, Bernardo Monteiro, Flor\u00eancio Manjate, Gustavo Lopes, Jo\u00e3o Costa, Rodrigo Fernandes and Sandro Reis.<\/p>\n\n\n\n<p>In the youth category, Aline Rama, after finishing 5th in the high jump, joined the Coimbra Selection&#039;s 4x100m relay team, where she won the title of Regional Vice-Champion.<\/p>\n\n\n\n<p>In the beginners&#039; category, student \u00c9rica Mendes was crowned REGIONAL VICE-CHAMPION in the shot put. Luciana Gomes, in addition to finishing sixth in the hurdles, also became REGIONAL CHAMPION in the 4x80m relay. Finally, Sara Carnim achieved fourth place in the long jump and was crowned REGIONAL CHAMPION in the high jump. \u00c9rica and Sara will also be participating in the National Championships.<\/p>\n\n\n\n<p>A special mention to students Pedro Laranjeiro, Leonor Cojocaru, and Diana Carapeto who, in these championships, completed level 3 of the National Referee Training Plan.<\/p>\n\n\n\n<p>&nbsp;Congratulations to all participants!<\/p>\n\n\n\n<figure class=\"wp-block-image size-large\"><img fetchpriority=\"high\" decoding=\"async\" width=\"1024\" height=\"883\" src=\"https:\/\/www.aemontemor.pt\/wp-content\/uploads\/2026\/04\/imagem-1-1024x883.png\" alt=\"\" class=\"wp-image-17973\" srcset=\"https:\/\/www.aemontemor.pt\/wp-content\/uploads\/2026\/04\/imagem-1-1024x883.png 1024w, https:\/\/www.aemontemor.pt\/wp-content\/uploads\/2026\/04\/imagem-1-300x259.png 300w, https:\/\/www.aemontemor.pt\/wp-content\/uploads\/2026\/04\/imagem-1-768x662.png 768w, https:\/\/www.aemontemor.pt\/wp-content\/uploads\/2026\/04\/imagem-1-14x12.png 14w, https:\/\/www.aemontemor.pt\/wp-content\/uploads\/2026\/04\/imagem-1-600x517.png 600w, https:\/\/www.aemontemor.pt\/wp-content\/uploads\/2026\/04\/imagem-1.png 1328w\" sizes=\"(max-width: 1024px) 100vw, 1024px\" \/><\/figure>","protected":false},"excerpt":{"rendered":"<p>Iniciados Do Agrupamento De Montemor-O-Velho Sara Carnim, Luciana Gomes, \u00c9rica Mendes e Aline Rama tamb\u00e9m estiveram em destaque. No dia 24 de abril, a Pista de Atletismo de Vagos recebeu os Campeonatos Regionais de Atletismo de Pista do Desporto Escolar &hellip; <\/p>","protected":false},"author":1,"featured_media":17974,"comment_status":"open","ping_status":"open","sticky":false,"template":"","format":"standard","meta":{"rs_blank_template":"","rs_page_bg_color":"","slide_template_v7":"","footnotes":""},"categories":[79,70,74,67],"tags":[],"class_list":["post-17972","post","type-post","status-publish","format-standard","has-post-thumbnail","hentry","category-aemov","category-ano-letivo-2025-2026","category-desporto-escolar","category-informacoes-gerais"],"_links":{"self":[{"href":"https:\/\/www.aemontemor.pt\/en\/wp-json\/wp\/v2\/posts\/17972","targetHints":{"allow":["GET"]}}],"collection":[{"href":"https:\/\/www.aemontemor.pt\/en\/wp-json\/wp\/v2\/posts"}],"about":[{"href":"https:\/\/www.aemontemor.pt\/en\/wp-json\/wp\/v2\/types\/post"}],"author":[{"embeddable":true,"href":"https:\/\/www.aemontemor.pt\/en\/wp-json\/wp\/v2\/users\/1"}],"replies":[{"embeddable":true,"href":"https:\/\/www.aemontemor.pt\/en\/wp-json\/wp\/v2\/comments?post=17972"}],"version-history":[{"count":1,"href":"https:\/\/www.aemontemor.pt\/en\/wp-json\/wp\/v2\/posts\/17972\/revisions"}],"predecessor-version":[{"id":17975,"href":"https:\/\/www.aemontemor.pt\/en\/wp-json\/wp\/v2\/posts\/17972\/revisions\/17975"}],"wp:featuredmedia":[{"embeddable":true,"href":"https:\/\/www.aemontemor.pt\/en\/wp-json\/wp\/v2\/media\/17974"}],"wp:attachment":[{"href":"https:\/\/www.aemontemor.pt\/en\/wp-json\/wp\/v2\/media?parent=17972"}],"wp:term":[{"taxonomy":"category","embeddable":true,"href":"https:\/\/www.aemontemor.pt\/en\/wp-json\/wp\/v2\/categories?post=17972"},{"taxonomy":"post_tag","embeddable":true,"href":"https:\/\/www.aemontemor.pt\/en\/wp-json\/wp\/v2\/tags?post=17972"}],"curies":[{"name":"wp","href":"https:\/\/api.w.org\/{rel}","templated":true}]}}