{"id":17976,"date":"2026-04-29T08:11:08","date_gmt":"2026-04-29T08:11:08","guid":{"rendered":"https:\/\/www.aemontemor.pt\/?p=17976"},"modified":"2026-04-29T08:11:42","modified_gmt":"2026-04-29T08:11:42","slug":"eb-de-arazede-na-expo-intermunicipal","status":"publish","type":"post","link":"https:\/\/www.aemontemor.pt\/en\/eb-de-arazede-na-expo-intermunicipal\/","title":{"rendered":"Arazede State School at the Intermunicipal Expo"},"content":{"rendered":"<p><strong>Participa\u00e7\u00e3o do 5.\u00baA da EB de Arazede na Expo Intermunicipal<\/strong><\/p>\n\n\n\n<p>A turma A do 5.\u00ba ano da Escola EB de Arazede prepara-se para viajar at\u00e9 Mort\u00e1gua, onde ir\u00e1 participar, no \u00e2mbito do Programa Educativo \u201cArtes e Of\u00edcios\u201d, na EXPO Intermunicipal (2.\u00ba e 3.\u00ba CEB) \u2014 uma verdadeira montra do talento e do esp\u00edrito empreendedor da Regi\u00e3o de Coimbra.<\/p>\n\n\n\n<p>Nesta iniciativa, a turma ir\u00e1 demonstrar como se continua a fazer p\u00e3o de forma tradicional no concelho de Montemor-o-Velho. Para isso, tem contado tamb\u00e9m com o valioso apoio da fam\u00edlia \u2014 neste caso, de uma av\u00f3 que gentilmente confecionou os chap\u00e9us de padeiro para os nossos mini padeiros.<\/p>\n\n\n\n<p>Al\u00e9m disso, contamos com o apoio da Junta de Freguesia de Arazede, que ir\u00e1 patrocinar o lanche de todos os alunos durante a viagem a Mort\u00e1gua.<\/p>\n\n\n\n<p>Tor\u00e7am por eles\u2026 e que ven\u00e7a o melhor!<\/p>\n\n\n\n<figure class=\"wp-block-image size-large\"><img fetchpriority=\"high\" decoding=\"async\" width=\"1024\" height=\"459\" src=\"https:\/\/www.aemontemor.pt\/wp-content\/uploads\/2026\/04\/foto_CIM_2526-1024x459.jpg\" alt=\"\" class=\"wp-image-17977\" srcset=\"https:\/\/www.aemontemor.pt\/wp-content\/uploads\/2026\/04\/foto_CIM_2526-1024x459.jpg 1024w, https:\/\/www.aemontemor.pt\/wp-content\/uploads\/2026\/04\/foto_CIM_2526-300x134.jpg 300w, https:\/\/www.aemontemor.pt\/wp-content\/uploads\/2026\/04\/foto_CIM_2526-768x344.jpg 768w, https:\/\/www.aemontemor.pt\/wp-content\/uploads\/2026\/04\/foto_CIM_2526-1536x688.jpg 1536w, https:\/\/www.aemontemor.pt\/wp-content\/uploads\/2026\/04\/foto_CIM_2526-2048x918.jpg 2048w, https:\/\/www.aemontemor.pt\/wp-content\/uploads\/2026\/04\/foto_CIM_2526-18x8.jpg 18w, https:\/\/www.aemontemor.pt\/wp-content\/uploads\/2026\/04\/foto_CIM_2526-600x269.jpg 600w\" sizes=\"(max-width: 1024px) 100vw, 1024px\" \/><\/figure>","protected":false},"excerpt":{"rendered":"<p>Participa\u00e7\u00e3o do 5.\u00baA da EB de Arazede na Expo Intermunicipal A turma A do 5.\u00ba ano da Escola EB de Arazede prepara-se para viajar at\u00e9 Mort\u00e1gua, onde ir\u00e1 participar, no \u00e2mbito do Programa Educativo \u201cArtes e Of\u00edcios\u201d, na EXPO Intermunicipal &hellip; <\/p>","protected":false},"author":1,"featured_media":17978,"comment_status":"closed","ping_status":"closed","sticky":false,"template":"","format":"standard","meta":{"rs_blank_template":"","rs_page_bg_color":"","slide_template_v7":"","footnotes":""},"categories":[79,70,77,67],"tags":[],"class_list":["post-17976","post","type-post","status-publish","format-standard","has-post-thumbnail","hentry","category-aemov","category-ano-letivo-2025-2026","category-eb-arazede","category-informacoes-gerais"],"_links":{"self":[{"href":"https:\/\/www.aemontemor.pt\/en\/wp-json\/wp\/v2\/posts\/17976","targetHints":{"allow":["GET"]}}],"collection":[{"href":"https:\/\/www.aemontemor.pt\/en\/wp-json\/wp\/v2\/posts"}],"about":[{"href":"https:\/\/www.aemontemor.pt\/en\/wp-json\/wp\/v2\/types\/post"}],"author":[{"embeddable":true,"href":"https:\/\/www.aemontemor.pt\/en\/wp-json\/wp\/v2\/users\/1"}],"replies":[{"embeddable":true,"href":"https:\/\/www.aemontemor.pt\/en\/wp-json\/wp\/v2\/comments?post=17976"}],"version-history":[{"count":1,"href":"https:\/\/www.aemontemor.pt\/en\/wp-json\/wp\/v2\/posts\/17976\/revisions"}],"predecessor-version":[{"id":17979,"href":"https:\/\/www.aemontemor.pt\/en\/wp-json\/wp\/v2\/posts\/17976\/revisions\/17979"}],"wp:featuredmedia":[{"embeddable":true,"href":"https:\/\/www.aemontemor.pt\/en\/wp-json\/wp\/v2\/media\/17978"}],"wp:attachment":[{"href":"https:\/\/www.aemontemor.pt\/en\/wp-json\/wp\/v2\/media?parent=17976"}],"wp:term":[{"taxonomy":"category","embeddable":true,"href":"https:\/\/www.aemontemor.pt\/en\/wp-json\/wp\/v2\/categories?post=17976"},{"taxonomy":"post_tag","embeddable":true,"href":"https:\/\/www.aemontemor.pt\/en\/wp-json\/wp\/v2\/tags?post=17976"}],"curies":[{"name":"wp","href":"https:\/\/api.w.org\/{rel}","templated":true}]}}