{"id":18001,"date":"2026-04-30T15:15:13","date_gmt":"2026-04-30T15:15:13","guid":{"rendered":"https:\/\/www.aemontemor.pt\/?p=18001"},"modified":"2026-04-30T15:15:35","modified_gmt":"2026-04-30T15:15:35","slug":"exposicao-sombras-proprias","status":"publish","type":"post","link":"https:\/\/www.aemontemor.pt\/en\/exposicao-sombras-proprias\/","title":{"rendered":"Exhibition \u201cOwn Shadows\u201d"},"content":{"rendered":"<p>The exhibition \u201cOwn Shadows\u201d presents works by students from classes A, B, C and D of the 8th grade and A, B, C and D of the 9th grade of the Montemor-o-Velho School and by students from classes A, B and C of the 9th grade of the Carapinheira School.&nbsp;<\/p>\n\n\n\n<p>The A3 drawings, graphite on drawing paper, were created in the context of the Visual Education course, under the guidance of teachers Maria de Jesus Rebolho and Isabel Brazinha.<\/p>\n\n\n\n<p>The exhibition takes place at the headquarters of the Montemor-o-Velho School Group.<\/p>\n\n\n\n<figure class=\"wp-block-gallery has-nested-images columns-default is-cropped wp-block-gallery-1 is-layout-flex wp-block-gallery-is-layout-flex\">\n<figure class=\"wp-block-image size-large\"><img fetchpriority=\"high\" decoding=\"async\" width=\"1024\" height=\"768\" data-id=\"18002\" src=\"https:\/\/www.aemontemor.pt\/wp-content\/uploads\/2026\/04\/IMG_1368-1024x768.jpeg\" alt=\"\" class=\"wp-image-18002\" srcset=\"https:\/\/www.aemontemor.pt\/wp-content\/uploads\/2026\/04\/IMG_1368-1024x768.jpeg 1024w, https:\/\/www.aemontemor.pt\/wp-content\/uploads\/2026\/04\/IMG_1368-300x225.jpeg 300w, https:\/\/www.aemontemor.pt\/wp-content\/uploads\/2026\/04\/IMG_1368-768x576.jpeg 768w, https:\/\/www.aemontemor.pt\/wp-content\/uploads\/2026\/04\/IMG_1368-1536x1152.jpeg 1536w, https:\/\/www.aemontemor.pt\/wp-content\/uploads\/2026\/04\/IMG_1368-2048x1536.jpeg 2048w, https:\/\/www.aemontemor.pt\/wp-content\/uploads\/2026\/04\/IMG_1368-16x12.jpeg 16w, https:\/\/www.aemontemor.pt\/wp-content\/uploads\/2026\/04\/IMG_1368-400x300.jpeg 400w, https:\/\/www.aemontemor.pt\/wp-content\/uploads\/2026\/04\/IMG_1368-600x450.jpeg 600w\" sizes=\"(max-width: 1024px) 100vw, 1024px\" \/><\/figure>\n\n\n\n<figure class=\"wp-block-image size-large\"><img decoding=\"async\" width=\"1024\" height=\"768\" data-id=\"18003\" src=\"https:\/\/www.aemontemor.pt\/wp-content\/uploads\/2026\/04\/46b8a055-4fe3-44da-a532-08f7f998dd3b-1024x768.jpeg\" alt=\"\" class=\"wp-image-18003\" srcset=\"https:\/\/www.aemontemor.pt\/wp-content\/uploads\/2026\/04\/46b8a055-4fe3-44da-a532-08f7f998dd3b-1024x768.jpeg 1024w, https:\/\/www.aemontemor.pt\/wp-content\/uploads\/2026\/04\/46b8a055-4fe3-44da-a532-08f7f998dd3b-300x225.jpeg 300w, https:\/\/www.aemontemor.pt\/wp-content\/uploads\/2026\/04\/46b8a055-4fe3-44da-a532-08f7f998dd3b-768x576.jpeg 768w, https:\/\/www.aemontemor.pt\/wp-content\/uploads\/2026\/04\/46b8a055-4fe3-44da-a532-08f7f998dd3b-1536x1152.jpeg 1536w, https:\/\/www.aemontemor.pt\/wp-content\/uploads\/2026\/04\/46b8a055-4fe3-44da-a532-08f7f998dd3b-16x12.jpeg 16w, https:\/\/www.aemontemor.pt\/wp-content\/uploads\/2026\/04\/46b8a055-4fe3-44da-a532-08f7f998dd3b-400x300.jpeg 400w, https:\/\/www.aemontemor.pt\/wp-content\/uploads\/2026\/04\/46b8a055-4fe3-44da-a532-08f7f998dd3b-600x450.jpeg 600w, https:\/\/www.aemontemor.pt\/wp-content\/uploads\/2026\/04\/46b8a055-4fe3-44da-a532-08f7f998dd3b.jpeg 1600w\" sizes=\"(max-width: 1024px) 100vw, 1024px\" \/><\/figure>\n\n\n\n<figure class=\"wp-block-image size-large\"><img decoding=\"async\" width=\"1024\" height=\"768\" data-id=\"18004\" src=\"https:\/\/www.aemontemor.pt\/wp-content\/uploads\/2026\/04\/IMG_1367-1024x768.jpeg\" alt=\"\" class=\"wp-image-18004\" srcset=\"https:\/\/www.aemontemor.pt\/wp-content\/uploads\/2026\/04\/IMG_1367-1024x768.jpeg 1024w, https:\/\/www.aemontemor.pt\/wp-content\/uploads\/2026\/04\/IMG_1367-300x225.jpeg 300w, https:\/\/www.aemontemor.pt\/wp-content\/uploads\/2026\/04\/IMG_1367-768x576.jpeg 768w, https:\/\/www.aemontemor.pt\/wp-content\/uploads\/2026\/04\/IMG_1367-1536x1152.jpeg 1536w, https:\/\/www.aemontemor.pt\/wp-content\/uploads\/2026\/04\/IMG_1367-2048x1536.jpeg 2048w, https:\/\/www.aemontemor.pt\/wp-content\/uploads\/2026\/04\/IMG_1367-16x12.jpeg 16w, https:\/\/www.aemontemor.pt\/wp-content\/uploads\/2026\/04\/IMG_1367-400x300.jpeg 400w, https:\/\/www.aemontemor.pt\/wp-content\/uploads\/2026\/04\/IMG_1367-600x450.jpeg 600w\" sizes=\"(max-width: 1024px) 100vw, 1024px\" \/><\/figure>\n<\/figure>","protected":false},"excerpt":{"rendered":"<p>A exposi\u00e7\u00e3o &#8220;Sombras Pr\u00f3prias&#8221; apresenta trabalhos dos alunos das turmas A, B, C e D do 8\u00ba ano e &nbsp;A, B, C e D do 9\u00ba ano da Escola de Montemor-o-Velho e dos alunos das turmas A, B e C &hellip; <\/p>","protected":false},"author":1,"featured_media":18005,"comment_status":"closed","ping_status":"closed","sticky":false,"template":"","format":"standard","meta":{"rs_blank_template":"","rs_page_bg_color":"","slide_template_v7":"","footnotes":""},"categories":[79,70,73,67],"tags":[],"class_list":["post-18001","post","type-post","status-publish","format-standard","has-post-thumbnail","hentry","category-aemov","category-ano-letivo-2025-2026","category-carapinheira","category-informacoes-gerais"],"_links":{"self":[{"href":"https:\/\/www.aemontemor.pt\/en\/wp-json\/wp\/v2\/posts\/18001","targetHints":{"allow":["GET"]}}],"collection":[{"href":"https:\/\/www.aemontemor.pt\/en\/wp-json\/wp\/v2\/posts"}],"about":[{"href":"https:\/\/www.aemontemor.pt\/en\/wp-json\/wp\/v2\/types\/post"}],"author":[{"embeddable":true,"href":"https:\/\/www.aemontemor.pt\/en\/wp-json\/wp\/v2\/users\/1"}],"replies":[{"embeddable":true,"href":"https:\/\/www.aemontemor.pt\/en\/wp-json\/wp\/v2\/comments?post=18001"}],"version-history":[{"count":1,"href":"https:\/\/www.aemontemor.pt\/en\/wp-json\/wp\/v2\/posts\/18001\/revisions"}],"predecessor-version":[{"id":18006,"href":"https:\/\/www.aemontemor.pt\/en\/wp-json\/wp\/v2\/posts\/18001\/revisions\/18006"}],"wp:featuredmedia":[{"embeddable":true,"href":"https:\/\/www.aemontemor.pt\/en\/wp-json\/wp\/v2\/media\/18005"}],"wp:attachment":[{"href":"https:\/\/www.aemontemor.pt\/en\/wp-json\/wp\/v2\/media?parent=18001"}],"wp:term":[{"taxonomy":"category","embeddable":true,"href":"https:\/\/www.aemontemor.pt\/en\/wp-json\/wp\/v2\/categories?post=18001"},{"taxonomy":"post_tag","embeddable":true,"href":"https:\/\/www.aemontemor.pt\/en\/wp-json\/wp\/v2\/tags?post=18001"}],"curies":[{"name":"wp","href":"https:\/\/api.w.org\/{rel}","templated":true}]}}