{"id":18007,"date":"2026-04-30T21:59:53","date_gmt":"2026-04-30T21:59:53","guid":{"rendered":"https:\/\/www.aemontemor.pt\/?p=18007"},"modified":"2026-04-30T22:00:53","modified_gmt":"2026-04-30T22:00:53","slug":"profissoes-em-frances","status":"publish","type":"post","link":"https:\/\/www.aemontemor.pt\/en\/profissoes-em-frances\/","title":{"rendered":"Professions in French"},"content":{"rendered":"<p>Students in the 7th and 9th grades from the schools in Arazede and Pereira who attend French classes celebrated May 1st, &quot;Labor Day&quot;. This day, &quot;F\u00eate du Travail&quot;, is also a national holiday in France, leading to a reflection on the origin of this day and the reason for its commemoration.<\/p>\n\n\n\n<p>The students completed projects related to professions and\/or future career choices, thus working on their French vocabulary.<\/p>\n\n\n\n<figure class=\"wp-block-gallery has-nested-images columns-default is-cropped wp-block-gallery-1 is-layout-flex wp-block-gallery-is-layout-flex\">\n<figure class=\"wp-block-image size-large\"><img fetchpriority=\"high\" decoding=\"async\" width=\"1024\" height=\"768\" data-id=\"18011\" src=\"https:\/\/www.aemontemor.pt\/wp-content\/uploads\/2026\/04\/IMG20260427113759-1024x768.jpg\" alt=\"\" class=\"wp-image-18011\" srcset=\"https:\/\/www.aemontemor.pt\/wp-content\/uploads\/2026\/04\/IMG20260427113759-1024x768.jpg 1024w, https:\/\/www.aemontemor.pt\/wp-content\/uploads\/2026\/04\/IMG20260427113759-300x225.jpg 300w, https:\/\/www.aemontemor.pt\/wp-content\/uploads\/2026\/04\/IMG20260427113759-768x576.jpg 768w, https:\/\/www.aemontemor.pt\/wp-content\/uploads\/2026\/04\/IMG20260427113759-1536x1152.jpg 1536w, https:\/\/www.aemontemor.pt\/wp-content\/uploads\/2026\/04\/IMG20260427113759-2048x1536.jpg 2048w, https:\/\/www.aemontemor.pt\/wp-content\/uploads\/2026\/04\/IMG20260427113759-16x12.jpg 16w, https:\/\/www.aemontemor.pt\/wp-content\/uploads\/2026\/04\/IMG20260427113759-400x300.jpg 400w, https:\/\/www.aemontemor.pt\/wp-content\/uploads\/2026\/04\/IMG20260427113759-600x450.jpg 600w\" sizes=\"(max-width: 1024px) 100vw, 1024px\" \/><\/figure>\n\n\n\n<figure class=\"wp-block-image size-large\"><img decoding=\"async\" width=\"1024\" height=\"768\" data-id=\"18008\" src=\"https:\/\/www.aemontemor.pt\/wp-content\/uploads\/2026\/04\/IMG20260428164335-1024x768.jpg\" alt=\"\" class=\"wp-image-18008\" srcset=\"https:\/\/www.aemontemor.pt\/wp-content\/uploads\/2026\/04\/IMG20260428164335-1024x768.jpg 1024w, https:\/\/www.aemontemor.pt\/wp-content\/uploads\/2026\/04\/IMG20260428164335-300x225.jpg 300w, https:\/\/www.aemontemor.pt\/wp-content\/uploads\/2026\/04\/IMG20260428164335-768x576.jpg 768w, https:\/\/www.aemontemor.pt\/wp-content\/uploads\/2026\/04\/IMG20260428164335-1536x1152.jpg 1536w, https:\/\/www.aemontemor.pt\/wp-content\/uploads\/2026\/04\/IMG20260428164335-2048x1536.jpg 2048w, https:\/\/www.aemontemor.pt\/wp-content\/uploads\/2026\/04\/IMG20260428164335-16x12.jpg 16w, https:\/\/www.aemontemor.pt\/wp-content\/uploads\/2026\/04\/IMG20260428164335-400x300.jpg 400w, https:\/\/www.aemontemor.pt\/wp-content\/uploads\/2026\/04\/IMG20260428164335-600x450.jpg 600w\" sizes=\"(max-width: 1024px) 100vw, 1024px\" \/><\/figure>\n\n\n\n<figure class=\"wp-block-image size-large\"><img decoding=\"async\" width=\"1024\" height=\"768\" data-id=\"18012\" src=\"https:\/\/www.aemontemor.pt\/wp-content\/uploads\/2026\/04\/IMG20260428164353-1024x768.jpg\" alt=\"\" class=\"wp-image-18012\" srcset=\"https:\/\/www.aemontemor.pt\/wp-content\/uploads\/2026\/04\/IMG20260428164353-1024x768.jpg 1024w, https:\/\/www.aemontemor.pt\/wp-content\/uploads\/2026\/04\/IMG20260428164353-300x225.jpg 300w, https:\/\/www.aemontemor.pt\/wp-content\/uploads\/2026\/04\/IMG20260428164353-768x576.jpg 768w, https:\/\/www.aemontemor.pt\/wp-content\/uploads\/2026\/04\/IMG20260428164353-1536x1152.jpg 1536w, https:\/\/www.aemontemor.pt\/wp-content\/uploads\/2026\/04\/IMG20260428164353-2048x1536.jpg 2048w, https:\/\/www.aemontemor.pt\/wp-content\/uploads\/2026\/04\/IMG20260428164353-16x12.jpg 16w, https:\/\/www.aemontemor.pt\/wp-content\/uploads\/2026\/04\/IMG20260428164353-400x300.jpg 400w, https:\/\/www.aemontemor.pt\/wp-content\/uploads\/2026\/04\/IMG20260428164353-600x450.jpg 600w\" sizes=\"(max-width: 1024px) 100vw, 1024px\" \/><\/figure>\n\n\n\n<figure class=\"wp-block-image size-large\"><img loading=\"lazy\" decoding=\"async\" width=\"1024\" height=\"768\" data-id=\"18009\" src=\"https:\/\/www.aemontemor.pt\/wp-content\/uploads\/2026\/04\/IMG20260428164402-1024x768.jpg\" alt=\"\" class=\"wp-image-18009\" srcset=\"https:\/\/www.aemontemor.pt\/wp-content\/uploads\/2026\/04\/IMG20260428164402-1024x768.jpg 1024w, https:\/\/www.aemontemor.pt\/wp-content\/uploads\/2026\/04\/IMG20260428164402-300x225.jpg 300w, https:\/\/www.aemontemor.pt\/wp-content\/uploads\/2026\/04\/IMG20260428164402-768x576.jpg 768w, https:\/\/www.aemontemor.pt\/wp-content\/uploads\/2026\/04\/IMG20260428164402-1536x1152.jpg 1536w, https:\/\/www.aemontemor.pt\/wp-content\/uploads\/2026\/04\/IMG20260428164402-2048x1536.jpg 2048w, https:\/\/www.aemontemor.pt\/wp-content\/uploads\/2026\/04\/IMG20260428164402-16x12.jpg 16w, https:\/\/www.aemontemor.pt\/wp-content\/uploads\/2026\/04\/IMG20260428164402-400x300.jpg 400w, https:\/\/www.aemontemor.pt\/wp-content\/uploads\/2026\/04\/IMG20260428164402-600x450.jpg 600w\" sizes=\"(max-width: 1024px) 100vw, 1024px\" \/><\/figure>\n\n\n\n<figure class=\"wp-block-image size-large\"><img loading=\"lazy\" decoding=\"async\" width=\"1024\" height=\"768\" data-id=\"18010\" src=\"https:\/\/www.aemontemor.pt\/wp-content\/uploads\/2026\/04\/IMG20260428164413-1024x768.jpg\" alt=\"\" class=\"wp-image-18010\" srcset=\"https:\/\/www.aemontemor.pt\/wp-content\/uploads\/2026\/04\/IMG20260428164413-1024x768.jpg 1024w, https:\/\/www.aemontemor.pt\/wp-content\/uploads\/2026\/04\/IMG20260428164413-300x225.jpg 300w, https:\/\/www.aemontemor.pt\/wp-content\/uploads\/2026\/04\/IMG20260428164413-768x576.jpg 768w, https:\/\/www.aemontemor.pt\/wp-content\/uploads\/2026\/04\/IMG20260428164413-1536x1152.jpg 1536w, https:\/\/www.aemontemor.pt\/wp-content\/uploads\/2026\/04\/IMG20260428164413-2048x1536.jpg 2048w, https:\/\/www.aemontemor.pt\/wp-content\/uploads\/2026\/04\/IMG20260428164413-16x12.jpg 16w, https:\/\/www.aemontemor.pt\/wp-content\/uploads\/2026\/04\/IMG20260428164413-400x300.jpg 400w, https:\/\/www.aemontemor.pt\/wp-content\/uploads\/2026\/04\/IMG20260428164413-600x450.jpg 600w\" sizes=\"(max-width: 1024px) 100vw, 1024px\" \/><\/figure>\n<\/figure>","protected":false},"excerpt":{"rendered":"<p>Os discentes do 7.\u00ba e 9.\u00ba anos de escolaridade das escolas de Arazede e de Pereira que frequentam a disciplina de franc\u00eas comemoraram o dia 1 de maio &#8220;Dia do Trabalhador&#8221;. Este dia, &#8220;F\u00eate du Travail&#8221;, tamb\u00e9m \u00e9 um feriado &hellip; <\/p>","protected":false},"author":1,"featured_media":18013,"comment_status":"closed","ping_status":"closed","sticky":false,"template":"","format":"standard","meta":{"rs_blank_template":"","rs_page_bg_color":"","slide_template_v7":"","footnotes":""},"categories":[79,70,77,67],"tags":[],"class_list":["post-18007","post","type-post","status-publish","format-standard","has-post-thumbnail","hentry","category-aemov","category-ano-letivo-2025-2026","category-eb-arazede","category-informacoes-gerais"],"_links":{"self":[{"href":"https:\/\/www.aemontemor.pt\/en\/wp-json\/wp\/v2\/posts\/18007","targetHints":{"allow":["GET"]}}],"collection":[{"href":"https:\/\/www.aemontemor.pt\/en\/wp-json\/wp\/v2\/posts"}],"about":[{"href":"https:\/\/www.aemontemor.pt\/en\/wp-json\/wp\/v2\/types\/post"}],"author":[{"embeddable":true,"href":"https:\/\/www.aemontemor.pt\/en\/wp-json\/wp\/v2\/users\/1"}],"replies":[{"embeddable":true,"href":"https:\/\/www.aemontemor.pt\/en\/wp-json\/wp\/v2\/comments?post=18007"}],"version-history":[{"count":2,"href":"https:\/\/www.aemontemor.pt\/en\/wp-json\/wp\/v2\/posts\/18007\/revisions"}],"predecessor-version":[{"id":18015,"href":"https:\/\/www.aemontemor.pt\/en\/wp-json\/wp\/v2\/posts\/18007\/revisions\/18015"}],"wp:featuredmedia":[{"embeddable":true,"href":"https:\/\/www.aemontemor.pt\/en\/wp-json\/wp\/v2\/media\/18013"}],"wp:attachment":[{"href":"https:\/\/www.aemontemor.pt\/en\/wp-json\/wp\/v2\/media?parent=18007"}],"wp:term":[{"taxonomy":"category","embeddable":true,"href":"https:\/\/www.aemontemor.pt\/en\/wp-json\/wp\/v2\/categories?post=18007"},{"taxonomy":"post_tag","embeddable":true,"href":"https:\/\/www.aemontemor.pt\/en\/wp-json\/wp\/v2\/tags?post=18007"}],"curies":[{"name":"wp","href":"https:\/\/api.w.org\/{rel}","templated":true}]}}