{"id":18023,"date":"2026-04-30T22:30:43","date_gmt":"2026-04-30T22:30:43","guid":{"rendered":"https:\/\/www.aemontemor.pt\/?p=18023"},"modified":"2026-04-30T22:31:01","modified_gmt":"2026-04-30T22:31:01","slug":"consciencializacao-do-autismo","status":"publish","type":"post","link":"https:\/\/www.aemontemor.pt\/en\/consciencializacao-do-autismo\/","title":{"rendered":"Autism Awareness"},"content":{"rendered":"<p><strong>Autism Awareness Month<\/strong><\/p>\n\n\n\n<p>During the month of April, as part of raising awareness about autism, the Special Education group at Arazede Primary School organized a series of sessions aimed at all classes, from the 1st to the 9th grade. These initiatives were carefully adapted to the different age levels, ensuring an accessible, clear and meaningful approach for all students.<\/p>\n\n\n\n<p>Throughout the sessions, essential aspects related to understanding autism were addressed, promoting values such as respect for difference, empathy, and inclusion. Each presentation also included a discussion period, which proved fundamental for clarifying doubts, sharing ideas, and encouraging the active participation of students.<\/p>\n\n\n\n<p>To consolidate learning and engage each participant, all students were given a bookmark in which they wrote a sentence about the most important message they took away from the session. This initiative not only reinforced the content covered but also gathered genuine testimonials about the activity&#039;s impact on the school community.<\/p>\n\n\n\n<p>With this action, the Special Education group reinforces its commitment to building a more inclusive, informed, and sensitive school to diversity.<\/p>\n\n\n\n<figure class=\"wp-block-image size-large\"><img fetchpriority=\"high\" decoding=\"async\" width=\"768\" height=\"1024\" src=\"https:\/\/www.aemontemor.pt\/wp-content\/uploads\/2026\/04\/20260430_085638-768x1024.jpg\" alt=\"\" class=\"wp-image-18024\" srcset=\"https:\/\/www.aemontemor.pt\/wp-content\/uploads\/2026\/04\/20260430_085638-768x1024.jpg 768w, https:\/\/www.aemontemor.pt\/wp-content\/uploads\/2026\/04\/20260430_085638-225x300.jpg 225w, https:\/\/www.aemontemor.pt\/wp-content\/uploads\/2026\/04\/20260430_085638-1152x1536.jpg 1152w, https:\/\/www.aemontemor.pt\/wp-content\/uploads\/2026\/04\/20260430_085638-1536x2048.jpg 1536w, https:\/\/www.aemontemor.pt\/wp-content\/uploads\/2026\/04\/20260430_085638-9x12.jpg 9w, https:\/\/www.aemontemor.pt\/wp-content\/uploads\/2026\/04\/20260430_085638-600x800.jpg 600w, https:\/\/www.aemontemor.pt\/wp-content\/uploads\/2026\/04\/20260430_085638-scaled.jpg 1920w\" sizes=\"(max-width: 768px) 100vw, 768px\" \/><\/figure>","protected":false},"excerpt":{"rendered":"<p>M\u00eas da Consciencializa\u00e7\u00e3o do Autismo Durante o m\u00eas de abril, no \u00e2mbito da sensibiliza\u00e7\u00e3o para a tem\u00e1tica do autismo, o grupo de Educa\u00e7\u00e3o Especial da EB de Arazede dinamizou um conjunto de sess\u00f5es dirigidas a todas as turmas, desde o &hellip; <\/p>","protected":false},"author":1,"featured_media":18025,"comment_status":"closed","ping_status":"closed","sticky":false,"template":"","format":"standard","meta":{"rs_blank_template":"","rs_page_bg_color":"","slide_template_v7":"","footnotes":""},"categories":[79,70,67],"tags":[],"class_list":["post-18023","post","type-post","status-publish","format-standard","has-post-thumbnail","hentry","category-aemov","category-ano-letivo-2025-2026","category-informacoes-gerais"],"_links":{"self":[{"href":"https:\/\/www.aemontemor.pt\/en\/wp-json\/wp\/v2\/posts\/18023","targetHints":{"allow":["GET"]}}],"collection":[{"href":"https:\/\/www.aemontemor.pt\/en\/wp-json\/wp\/v2\/posts"}],"about":[{"href":"https:\/\/www.aemontemor.pt\/en\/wp-json\/wp\/v2\/types\/post"}],"author":[{"embeddable":true,"href":"https:\/\/www.aemontemor.pt\/en\/wp-json\/wp\/v2\/users\/1"}],"replies":[{"embeddable":true,"href":"https:\/\/www.aemontemor.pt\/en\/wp-json\/wp\/v2\/comments?post=18023"}],"version-history":[{"count":1,"href":"https:\/\/www.aemontemor.pt\/en\/wp-json\/wp\/v2\/posts\/18023\/revisions"}],"predecessor-version":[{"id":18026,"href":"https:\/\/www.aemontemor.pt\/en\/wp-json\/wp\/v2\/posts\/18023\/revisions\/18026"}],"wp:featuredmedia":[{"embeddable":true,"href":"https:\/\/www.aemontemor.pt\/en\/wp-json\/wp\/v2\/media\/18025"}],"wp:attachment":[{"href":"https:\/\/www.aemontemor.pt\/en\/wp-json\/wp\/v2\/media?parent=18023"}],"wp:term":[{"taxonomy":"category","embeddable":true,"href":"https:\/\/www.aemontemor.pt\/en\/wp-json\/wp\/v2\/categories?post=18023"},{"taxonomy":"post_tag","embeddable":true,"href":"https:\/\/www.aemontemor.pt\/en\/wp-json\/wp\/v2\/tags?post=18023"}],"curies":[{"name":"wp","href":"https:\/\/api.w.org\/{rel}","templated":true}]}}