{"id":18472,"date":"2026-08-31T16:40:14","date_gmt":"2026-08-31T16:40:14","guid":{"rendered":"https:\/\/www.aemontemor.pt\/?p=18472"},"modified":"2026-08-31T16:44:26","modified_gmt":"2026-08-31T16:44:26","slug":"o-agrupamento-esta-na-feira-do-ano","status":"publish","type":"post","link":"https:\/\/www.aemontemor.pt\/en\/o-agrupamento-esta-na-feira-do-ano\/","title":{"rendered":"The school group is at the Annual Fair!"},"content":{"rendered":"<p class=\"wp-block-paragraph\">O Agrupamento de Escolas de Montemor-o-Velho est\u00e1 na Feira do Ano!<br>As Festas Concelhias j\u00e1 come\u00e7aram e n\u00f3s estamos l\u00e1!<br>De 29 de agosto a 8 de setembro, o nosso Agrupamento estar\u00e1 representado, todos os dias, com a divulga\u00e7\u00e3o dos diferentes clubes e projetos que fazem parte da nossa comunidade escolar.<br>H\u00e1 muito para descobrir, conhecer e partilhar!<br>Venha visitar-nos, conhecer o que fazemos e celebrar connosco a Escola que tamb\u00e9m vive para al\u00e9m das salas de aula!<br>Esperamos por si na Feira do Ano!<\/p>\n\n\n\n<figure class=\"wp-block-gallery has-nested-images columns-default is-cropped wp-block-gallery-1 is-layout-flex wp-block-gallery-is-layout-flex\">\n<figure class=\"wp-block-image size-large\"><img fetchpriority=\"high\" decoding=\"async\" width=\"837\" height=\"1024\" data-id=\"18473\" src=\"https:\/\/www.aemontemor.pt\/wp-content\/uploads\/2026\/08\/wsdgfh-837x1024.jpg\" alt=\"\" class=\"wp-image-18473\" srcset=\"https:\/\/www.aemontemor.pt\/wp-content\/uploads\/2026\/08\/wsdgfh-837x1024.jpg 837w, https:\/\/www.aemontemor.pt\/wp-content\/uploads\/2026\/08\/wsdgfh-245x300.jpg 245w, https:\/\/www.aemontemor.pt\/wp-content\/uploads\/2026\/08\/wsdgfh-768x939.jpg 768w, https:\/\/www.aemontemor.pt\/wp-content\/uploads\/2026\/08\/wsdgfh-10x12.jpg 10w, https:\/\/www.aemontemor.pt\/wp-content\/uploads\/2026\/08\/wsdgfh-600x734.jpg 600w, https:\/\/www.aemontemor.pt\/wp-content\/uploads\/2026\/08\/wsdgfh.jpg 1152w\" sizes=\"(max-width: 837px) 100vw, 837px\" \/><\/figure>\n\n\n\n<figure class=\"wp-block-image size-large\"><img decoding=\"async\" width=\"1024\" height=\"576\" data-id=\"18477\" src=\"https:\/\/www.aemontemor.pt\/wp-content\/uploads\/2026\/08\/1000074192-1024x576.jpg\" alt=\"\" class=\"wp-image-18477\" srcset=\"https:\/\/www.aemontemor.pt\/wp-content\/uploads\/2026\/08\/1000074192-1024x576.jpg 1024w, https:\/\/www.aemontemor.pt\/wp-content\/uploads\/2026\/08\/1000074192-300x169.jpg 300w, https:\/\/www.aemontemor.pt\/wp-content\/uploads\/2026\/08\/1000074192-768x432.jpg 768w, https:\/\/www.aemontemor.pt\/wp-content\/uploads\/2026\/08\/1000074192-1536x864.jpg 1536w, https:\/\/www.aemontemor.pt\/wp-content\/uploads\/2026\/08\/1000074192-2048x1152.jpg 2048w, https:\/\/www.aemontemor.pt\/wp-content\/uploads\/2026\/08\/1000074192-18x10.jpg 18w, https:\/\/www.aemontemor.pt\/wp-content\/uploads\/2026\/08\/1000074192-600x338.jpg 600w\" sizes=\"(max-width: 1024px) 100vw, 1024px\" \/><\/figure>\n\n\n\n<figure class=\"wp-block-image size-large\"><img decoding=\"async\" width=\"1024\" height=\"473\" data-id=\"18476\" src=\"https:\/\/www.aemontemor.pt\/wp-content\/uploads\/2026\/08\/1000074285-1024x473.jpg\" alt=\"\" class=\"wp-image-18476\" srcset=\"https:\/\/www.aemontemor.pt\/wp-content\/uploads\/2026\/08\/1000074285-1024x473.jpg 1024w, https:\/\/www.aemontemor.pt\/wp-content\/uploads\/2026\/08\/1000074285-300x139.jpg 300w, https:\/\/www.aemontemor.pt\/wp-content\/uploads\/2026\/08\/1000074285-768x355.jpg 768w, https:\/\/www.aemontemor.pt\/wp-content\/uploads\/2026\/08\/1000074285-1536x709.jpg 1536w, https:\/\/www.aemontemor.pt\/wp-content\/uploads\/2026\/08\/1000074285-18x8.jpg 18w, https:\/\/www.aemontemor.pt\/wp-content\/uploads\/2026\/08\/1000074285-600x277.jpg 600w, https:\/\/www.aemontemor.pt\/wp-content\/uploads\/2026\/08\/1000074285.jpg 2040w\" sizes=\"(max-width: 1024px) 100vw, 1024px\" \/><\/figure>\n\n\n\n<figure class=\"wp-block-image size-large\"><img loading=\"lazy\" decoding=\"async\" width=\"1024\" height=\"473\" data-id=\"18475\" src=\"https:\/\/www.aemontemor.pt\/wp-content\/uploads\/2026\/08\/1000074286-1024x473.jpg\" alt=\"\" class=\"wp-image-18475\" srcset=\"https:\/\/www.aemontemor.pt\/wp-content\/uploads\/2026\/08\/1000074286-1024x473.jpg 1024w, https:\/\/www.aemontemor.pt\/wp-content\/uploads\/2026\/08\/1000074286-300x139.jpg 300w, https:\/\/www.aemontemor.pt\/wp-content\/uploads\/2026\/08\/1000074286-768x355.jpg 768w, https:\/\/www.aemontemor.pt\/wp-content\/uploads\/2026\/08\/1000074286-1536x709.jpg 1536w, https:\/\/www.aemontemor.pt\/wp-content\/uploads\/2026\/08\/1000074286-18x8.jpg 18w, https:\/\/www.aemontemor.pt\/wp-content\/uploads\/2026\/08\/1000074286-600x277.jpg 600w, https:\/\/www.aemontemor.pt\/wp-content\/uploads\/2026\/08\/1000074286.jpg 2040w\" sizes=\"(max-width: 1024px) 100vw, 1024px\" \/><\/figure>\n\n\n\n<figure class=\"wp-block-image size-large\"><img loading=\"lazy\" decoding=\"async\" width=\"1024\" height=\"473\" data-id=\"18474\" src=\"https:\/\/www.aemontemor.pt\/wp-content\/uploads\/2026\/08\/1000074289-1024x473.jpg\" alt=\"\" class=\"wp-image-18474\" srcset=\"https:\/\/www.aemontemor.pt\/wp-content\/uploads\/2026\/08\/1000074289-1024x473.jpg 1024w, https:\/\/www.aemontemor.pt\/wp-content\/uploads\/2026\/08\/1000074289-300x139.jpg 300w, https:\/\/www.aemontemor.pt\/wp-content\/uploads\/2026\/08\/1000074289-768x355.jpg 768w, https:\/\/www.aemontemor.pt\/wp-content\/uploads\/2026\/08\/1000074289-1536x709.jpg 1536w, https:\/\/www.aemontemor.pt\/wp-content\/uploads\/2026\/08\/1000074289-18x8.jpg 18w, https:\/\/www.aemontemor.pt\/wp-content\/uploads\/2026\/08\/1000074289-600x277.jpg 600w, https:\/\/www.aemontemor.pt\/wp-content\/uploads\/2026\/08\/1000074289.jpg 2040w\" sizes=\"(max-width: 1024px) 100vw, 1024px\" \/><\/figure>\n<\/figure>","protected":false},"excerpt":{"rendered":"<p>O Agrupamento de Escolas de Montemor-o-Velho est\u00e1 na Feira do Ano!As Festas Concelhias j\u00e1 come\u00e7aram e n\u00f3s estamos l\u00e1!De 29 de agosto a 8 de setembro, o nosso Agrupamento estar\u00e1 representado, todos os dias, com a divulga\u00e7\u00e3o dos diferentes clubes &hellip; <\/p>","protected":false},"author":1,"featured_media":18478,"comment_status":"closed","ping_status":"closed","sticky":false,"template":"","format":"standard","meta":{"rs_blank_template":"","rs_page_bg_color":"","slide_template_v7":"","footnotes":""},"categories":[79,96,67],"tags":[],"class_list":["post-18472","post","type-post","status-publish","format-standard","has-post-thumbnail","hentry","category-aemov","category-ano-letivo-2026-2027","category-informacoes-gerais"],"_links":{"self":[{"href":"https:\/\/www.aemontemor.pt\/en\/wp-json\/wp\/v2\/posts\/18472","targetHints":{"allow":["GET"]}}],"collection":[{"href":"https:\/\/www.aemontemor.pt\/en\/wp-json\/wp\/v2\/posts"}],"about":[{"href":"https:\/\/www.aemontemor.pt\/en\/wp-json\/wp\/v2\/types\/post"}],"author":[{"embeddable":true,"href":"https:\/\/www.aemontemor.pt\/en\/wp-json\/wp\/v2\/users\/1"}],"replies":[{"embeddable":true,"href":"https:\/\/www.aemontemor.pt\/en\/wp-json\/wp\/v2\/comments?post=18472"}],"version-history":[{"count":1,"href":"https:\/\/www.aemontemor.pt\/en\/wp-json\/wp\/v2\/posts\/18472\/revisions"}],"predecessor-version":[{"id":18479,"href":"https:\/\/www.aemontemor.pt\/en\/wp-json\/wp\/v2\/posts\/18472\/revisions\/18479"}],"wp:featuredmedia":[{"embeddable":true,"href":"https:\/\/www.aemontemor.pt\/en\/wp-json\/wp\/v2\/media\/18478"}],"wp:attachment":[{"href":"https:\/\/www.aemontemor.pt\/en\/wp-json\/wp\/v2\/media?parent=18472"}],"wp:term":[{"taxonomy":"category","embeddable":true,"href":"https:\/\/www.aemontemor.pt\/en\/wp-json\/wp\/v2\/categories?post=18472"},{"taxonomy":"post_tag","embeddable":true,"href":"https:\/\/www.aemontemor.pt\/en\/wp-json\/wp\/v2\/tags?post=18472"}],"curies":[{"name":"wp","href":"https:\/\/api.w.org\/{rel}","templated":true}]}}