{"id":18480,"date":"2026-08-31T16:48:38","date_gmt":"2026-08-31T16:48:38","guid":{"rendered":"https:\/\/www.aemontemor.pt\/?p=18480"},"modified":"2026-08-31T16:49:33","modified_gmt":"2026-08-31T16:49:33","slug":"reuniao-de-apresentacao-aos-docentes-1-de-setembro","status":"publish","type":"post","link":"https:\/\/www.aemontemor.pt\/en\/reuniao-de-apresentacao-aos-docentes-1-de-setembro\/","title":{"rendered":"Introductory Meeting for Faculty \u2013 September 1st"},"content":{"rendered":"<p class=\"wp-block-paragraph\">Informa-se todo o pessoal docente do Agrupamento de Escolas de Montemor-o-Velho que ter\u00e1 lugar, no pr\u00f3ximo <strong>dia 1 de setembro, \u00e0s 10h00<\/strong>, uma <strong>reuni\u00e3o de apresenta\u00e7\u00e3o dirigida a todos os docentes do Agrupamento<\/strong>.<\/p>\n\n\n\n<p class=\"wp-block-paragraph\">A reuni\u00e3o decorrer\u00e1 no <strong>F\u00f3rum Cultural de Montemor-o-Velho<\/strong> e assinalar\u00e1 o in\u00edcio da prepara\u00e7\u00e3o do novo ano letivo.<\/p>\n\n\n\n<p class=\"wp-block-paragraph\">Solicita-se a presen\u00e7a de todos os docentes.<\/p>\n\n\n\n<p class=\"wp-block-paragraph\"><strong>Data:<\/strong> 1 de setembro de 2026<br><strong>Hora:<\/strong> 10:00<br><strong>Local:<\/strong> F\u00f3rum Cultural de Montemor-o-Velho<\/p>","protected":false},"excerpt":{"rendered":"<p>Informa-se todo o pessoal docente do Agrupamento de Escolas de Montemor-o-Velho que ter\u00e1 lugar, no pr\u00f3ximo dia 1 de setembro, \u00e0s 10h00, uma reuni\u00e3o de apresenta\u00e7\u00e3o dirigida a todos os docentes do Agrupamento. A reuni\u00e3o decorrer\u00e1 no F\u00f3rum Cultural de &hellip; <\/p>","protected":false},"author":1,"featured_media":18481,"comment_status":"closed","ping_status":"closed","sticky":false,"template":"","format":"standard","meta":{"rs_blank_template":"","rs_page_bg_color":"","slide_template_v7":"","footnotes":""},"categories":[79,96,67],"tags":[],"class_list":["post-18480","post","type-post","status-publish","format-standard","has-post-thumbnail","hentry","category-aemov","category-ano-letivo-2026-2027","category-informacoes-gerais"],"_links":{"self":[{"href":"https:\/\/www.aemontemor.pt\/en\/wp-json\/wp\/v2\/posts\/18480","targetHints":{"allow":["GET"]}}],"collection":[{"href":"https:\/\/www.aemontemor.pt\/en\/wp-json\/wp\/v2\/posts"}],"about":[{"href":"https:\/\/www.aemontemor.pt\/en\/wp-json\/wp\/v2\/types\/post"}],"author":[{"embeddable":true,"href":"https:\/\/www.aemontemor.pt\/en\/wp-json\/wp\/v2\/users\/1"}],"replies":[{"embeddable":true,"href":"https:\/\/www.aemontemor.pt\/en\/wp-json\/wp\/v2\/comments?post=18480"}],"version-history":[{"count":1,"href":"https:\/\/www.aemontemor.pt\/en\/wp-json\/wp\/v2\/posts\/18480\/revisions"}],"predecessor-version":[{"id":18482,"href":"https:\/\/www.aemontemor.pt\/en\/wp-json\/wp\/v2\/posts\/18480\/revisions\/18482"}],"wp:featuredmedia":[{"embeddable":true,"href":"https:\/\/www.aemontemor.pt\/en\/wp-json\/wp\/v2\/media\/18481"}],"wp:attachment":[{"href":"https:\/\/www.aemontemor.pt\/en\/wp-json\/wp\/v2\/media?parent=18480"}],"wp:term":[{"taxonomy":"category","embeddable":true,"href":"https:\/\/www.aemontemor.pt\/en\/wp-json\/wp\/v2\/categories?post=18480"},{"taxonomy":"post_tag","embeddable":true,"href":"https:\/\/www.aemontemor.pt\/en\/wp-json\/wp\/v2\/tags?post=18480"}],"curies":[{"name":"wp","href":"https:\/\/api.w.org\/{rel}","templated":true}]}}