{"id":18483,"date":"2026-08-31T16:55:05","date_gmt":"2026-08-31T16:55:05","guid":{"rendered":"https:\/\/www.aemontemor.pt\/?p=18483"},"modified":"2026-08-31T16:56:16","modified_gmt":"2026-08-31T16:56:16","slug":"afixacao-das-turmas-ano-letivo-2026-2027","status":"publish","type":"post","link":"https:\/\/www.aemontemor.pt\/en\/afixacao-das-turmas-ano-letivo-2026-2027\/","title":{"rendered":"Class Listings \u2013 Academic Year 2026\/2027"},"content":{"rendered":"<p class=\"wp-block-paragraph\"><strong>Afixa\u00e7\u00e3o das Turmas &#8211; Ano Letivo 2026\/2027 &#8211; Informa\u00e7\u00e3o aos Encarregados de Educa\u00e7\u00e3o e aos Alunos<\/strong><\/p>\n\n\n\n<p class=\"wp-block-paragraph\">Informam-se os encarregados de educa\u00e7\u00e3o e os alunos que, as turmas constitu\u00eddas para o ano letivo 2026\/2027, ser\u00e3o afixadas no dia 1 de&nbsp; setembro, durante a manh\u00e3, na escola sede do Agrupamento bem como nos Jardins de Inf\u00e2ncia e Escolas B\u00e1sicas.<\/p>\n\n\n\n<p class=\"wp-block-paragraph\">As turmas\/grupos foram constitu\u00eddas de acordo com a Rede Escolar aprovada para o ano letivo de 2026\/2027 tendo em conta os crit\u00e9rios e prioridades previstas na lei para a constitui\u00e7\u00e3o de turmas.<\/p>\n\n\n\n<p class=\"wp-block-paragraph\">O prazo de reclama\u00e7\u00e3o, para eventuais erros ou omiss\u00f5es, \u00e9 de 3 dias \u00fateis (a contar do dia seguinte ao da afixa\u00e7\u00e3o):<br>\u25cf&nbsp; 2, 3 e 4 de setembro.<\/p>\n\n\n\n<p class=\"wp-block-paragraph\"><br><strong>Ser\u00e3o indeferidos os pedidos que:<\/strong><br>\u25cf Sejam apresentados sem fundamenta\u00e7\u00e3o devidamente justificada;<br>\u25cf Sejam submetidos fora do prazo estabelecido.<\/p>\n\n\n\n<p class=\"wp-block-paragraph\"><br>A an\u00e1lise dos pedidos ter\u00e1 por base as decis\u00f5es de natureza pedag\u00f3gica, designadamente delibera\u00e7\u00f5es dos Conselhos de Docentes, Conselhos de Turma e\/ou do Conselho Pedag\u00f3gico, tomadas no \u00e2mbito do ano letivo 2025\/2026 e a legisla\u00e7\u00e3o em vigor no que concerne \u00e0 constitui\u00e7\u00e3o de turmas.<br>Sempre que existam pedidos concorrentes, ser\u00e1 considerada a ordem de entrada dos respetivos requerimentos.<\/p>\n\n\n\n<p class=\"wp-block-paragraph\"><br>\ud83d\udce9 As reclama\u00e7\u00f5es devem ser apresentadas, atrav\u00e9s do endere\u00e7o <a href=\"mailto:direcao@aemontemor.pt\">direcao@aemontemor.pt<\/a> ou presencialmente nos Servi\u00e7os Administrativos.<\/p>","protected":false},"excerpt":{"rendered":"<p>Afixa\u00e7\u00e3o das Turmas &#8211; Ano Letivo 2026\/2027 &#8211; Informa\u00e7\u00e3o aos Encarregados de Educa\u00e7\u00e3o e aos Alunos Informam-se os encarregados de educa\u00e7\u00e3o e os alunos que, as turmas constitu\u00eddas para o ano letivo 2026\/2027, ser\u00e3o afixadas no dia 1 de&nbsp; setembro, &hellip; <\/p>","protected":false},"author":1,"featured_media":18484,"comment_status":"closed","ping_status":"closed","sticky":false,"template":"","format":"standard","meta":{"rs_blank_template":"","rs_page_bg_color":"","slide_template_v7":"","footnotes":""},"categories":[79,96,67],"tags":[],"class_list":["post-18483","post","type-post","status-publish","format-standard","has-post-thumbnail","hentry","category-aemov","category-ano-letivo-2026-2027","category-informacoes-gerais"],"_links":{"self":[{"href":"https:\/\/www.aemontemor.pt\/en\/wp-json\/wp\/v2\/posts\/18483","targetHints":{"allow":["GET"]}}],"collection":[{"href":"https:\/\/www.aemontemor.pt\/en\/wp-json\/wp\/v2\/posts"}],"about":[{"href":"https:\/\/www.aemontemor.pt\/en\/wp-json\/wp\/v2\/types\/post"}],"author":[{"embeddable":true,"href":"https:\/\/www.aemontemor.pt\/en\/wp-json\/wp\/v2\/users\/1"}],"replies":[{"embeddable":true,"href":"https:\/\/www.aemontemor.pt\/en\/wp-json\/wp\/v2\/comments?post=18483"}],"version-history":[{"count":1,"href":"https:\/\/www.aemontemor.pt\/en\/wp-json\/wp\/v2\/posts\/18483\/revisions"}],"predecessor-version":[{"id":18485,"href":"https:\/\/www.aemontemor.pt\/en\/wp-json\/wp\/v2\/posts\/18483\/revisions\/18485"}],"wp:featuredmedia":[{"embeddable":true,"href":"https:\/\/www.aemontemor.pt\/en\/wp-json\/wp\/v2\/media\/18484"}],"wp:attachment":[{"href":"https:\/\/www.aemontemor.pt\/en\/wp-json\/wp\/v2\/media?parent=18483"}],"wp:term":[{"taxonomy":"category","embeddable":true,"href":"https:\/\/www.aemontemor.pt\/en\/wp-json\/wp\/v2\/categories?post=18483"},{"taxonomy":"post_tag","embeddable":true,"href":"https:\/\/www.aemontemor.pt\/en\/wp-json\/wp\/v2\/tags?post=18483"}],"curies":[{"name":"wp","href":"https:\/\/api.w.org\/{rel}","templated":true}]}}