{"id":18486,"date":"2026-09-02T16:37:18","date_gmt":"2026-09-02T16:37:18","guid":{"rendered":"https:\/\/www.aemontemor.pt\/?p=18486"},"modified":"2026-09-02T16:38:10","modified_gmt":"2026-09-02T16:38:10","slug":"reunioes-com-encarregados-de-educacao","status":"publish","type":"post","link":"https:\/\/www.aemontemor.pt\/en\/reunioes-com-encarregados-de-educacao\/","title":{"rendered":"Meetings with Parents\/Guardians"},"content":{"rendered":"<p class=\"wp-block-paragraph\">Dear students, parents, guardians, teachers, technicians and operational assistants,<\/p>\n\n\n\n<p class=\"wp-block-paragraph\">We welcome the entire educational community to the start of another school year.<\/p>\n\n\n\n<p class=\"wp-block-paragraph\">The return to school always brings the promise of new learning, reunions, and overcoming challenges. In our school district, we remain committed to building an inclusive, innovative school focused on the success of each student.<\/p>\n\n\n\n<p class=\"wp-block-paragraph\">To our students, we wish curiosity and dedication.<\/p>\n\n\n\n<p class=\"wp-block-paragraph\">To the families, we thank you in advance for your trust and continued cooperation.<\/p>\n\n\n\n<p class=\"wp-block-paragraph\">To the teachers and staff, we recognize the professionalism that drives our school.<\/p>\n\n\n\n<p class=\"wp-block-paragraph\">May this be a year of hard work, but above all, of great achievements and sharing.<\/p>\n\n\n\n<p class=\"wp-block-paragraph\">Wishing everyone an excellent school year!<\/p>\n\n\n\n<figure class=\"wp-block-image size-full is-resized\"><img fetchpriority=\"high\" decoding=\"async\" width=\"541\" height=\"142\" src=\"https:\/\/www.aemontemor.pt\/wp-content\/uploads\/2026\/09\/image-1.png\" alt=\"\" class=\"wp-image-18488\" style=\"aspect-ratio:3.8098591549295775;width:541px;height:auto\" srcset=\"https:\/\/www.aemontemor.pt\/wp-content\/uploads\/2026\/09\/image-1.png 541w, https:\/\/www.aemontemor.pt\/wp-content\/uploads\/2026\/09\/image-1-300x79.png 300w, https:\/\/www.aemontemor.pt\/wp-content\/uploads\/2026\/09\/image-1-18x5.png 18w\" sizes=\"(max-width: 541px) 100vw, 541px\" \/><\/figure>\n\n\n\n<div data-wp-interactive=\"core\/file\" class=\"wp-block-file\"><object data-wp-bind--hidden=\"!state.hasPdfPreview\" hidden class=\"wp-block-file__embed\" data=\"https:\/\/www.aemontemor.pt\/wp-content\/uploads\/2026\/09\/RECECAO-AOS-ENCARREGADOS-DE-EDUCACAO-26-27-JI-e-1.oCEB_.pdf\" type=\"application\/pdf\" style=\"width:100%;height:1070px\" aria-label=\"Embed of RECEPTION FOR PARENTS\/GUARDIANS 26-27 JI and 1st CEB.\"><\/object><a id=\"wp-block-file--media-6370afdb-67ff-4fcd-bf57-4599a4ef54e7\" href=\"https:\/\/www.aemontemor.pt\/wp-content\/uploads\/2026\/09\/RECECAO-AOS-ENCARREGADOS-DE-EDUCACAO-26-27-JI-e-1.oCEB_.pdf\">Reception for Parents\/Guardians 26-27 Kindergarten and 1st Cycle of Basic Education<\/a><a href=\"https:\/\/www.aemontemor.pt\/wp-content\/uploads\/2026\/09\/RECECAO-AOS-ENCARREGADOS-DE-EDUCACAO-26-27-JI-e-1.oCEB_.pdf\" class=\"wp-block-file__button wp-element-button\" download aria-describedby=\"wp-block-file--media-6370afdb-67ff-4fcd-bf57-4599a4ef54e7\">Download<\/a><\/div>\n\n\n\n<div data-wp-interactive=\"core\/file\" class=\"wp-block-file\"><object data-wp-bind--hidden=\"!state.hasPdfPreview\" hidden class=\"wp-block-file__embed\" data=\"https:\/\/www.aemontemor.pt\/wp-content\/uploads\/2026\/09\/RECECAO-AOS-ENCARREGADOS-DE-EDUCACAO-2.o-3.o-e-Sec-26-27.pdf\" type=\"application\/pdf\" style=\"width:100%;height:1070px\" aria-label=\"Embed of RECEIPT FOR PARENTS\/GUARDIANS 2nd, 3rd and Secondary School 26-27.\"><\/object><a id=\"wp-block-file--media-47d6ec91-ce05-4ecc-a4d6-8999ce4fd88c\" href=\"https:\/\/www.aemontemor.pt\/wp-content\/uploads\/2026\/09\/RECECAO-AOS-ENCARREGADOS-DE-EDUCACAO-2.o-3.o-e-Sec-26-27.pdf\">Reception for Parents\/Guardians of Students 2nd, 3rd and Secondary School 26-27<\/a><a href=\"https:\/\/www.aemontemor.pt\/wp-content\/uploads\/2026\/09\/RECECAO-AOS-ENCARREGADOS-DE-EDUCACAO-2.o-3.o-e-Sec-26-27.pdf\" class=\"wp-block-file__button wp-element-button\" download aria-describedby=\"wp-block-file--media-47d6ec91-ce05-4ecc-a4d6-8999ce4fd88c\">Download<\/a><\/div>","protected":false},"excerpt":{"rendered":"<p>Estimados alunos, pais, encarregados de educa\u00e7\u00e3o, professores, t\u00e9cnicos e assistentes operacionais, Damos as boas-vindas a toda a comunidade educativa para o in\u00edcio de mais um ano letivo. O regresso \u00e0 escola traz sempre a promessa de novas aprendizagens, reencontros e &hellip; <\/p>","protected":false},"author":1,"featured_media":18491,"comment_status":"closed","ping_status":"closed","sticky":false,"template":"","format":"standard","meta":{"rs_blank_template":"","rs_page_bg_color":"","slide_template_v7":"","footnotes":""},"categories":[79,96,67],"tags":[],"class_list":["post-18486","post","type-post","status-publish","format-standard","has-post-thumbnail","hentry","category-aemov","category-ano-letivo-2026-2027","category-informacoes-gerais"],"_links":{"self":[{"href":"https:\/\/www.aemontemor.pt\/en\/wp-json\/wp\/v2\/posts\/18486","targetHints":{"allow":["GET"]}}],"collection":[{"href":"https:\/\/www.aemontemor.pt\/en\/wp-json\/wp\/v2\/posts"}],"about":[{"href":"https:\/\/www.aemontemor.pt\/en\/wp-json\/wp\/v2\/types\/post"}],"author":[{"embeddable":true,"href":"https:\/\/www.aemontemor.pt\/en\/wp-json\/wp\/v2\/users\/1"}],"replies":[{"embeddable":true,"href":"https:\/\/www.aemontemor.pt\/en\/wp-json\/wp\/v2\/comments?post=18486"}],"version-history":[{"count":1,"href":"https:\/\/www.aemontemor.pt\/en\/wp-json\/wp\/v2\/posts\/18486\/revisions"}],"predecessor-version":[{"id":18492,"href":"https:\/\/www.aemontemor.pt\/en\/wp-json\/wp\/v2\/posts\/18486\/revisions\/18492"}],"wp:featuredmedia":[{"embeddable":true,"href":"https:\/\/www.aemontemor.pt\/en\/wp-json\/wp\/v2\/media\/18491"}],"wp:attachment":[{"href":"https:\/\/www.aemontemor.pt\/en\/wp-json\/wp\/v2\/media?parent=18486"}],"wp:term":[{"taxonomy":"category","embeddable":true,"href":"https:\/\/www.aemontemor.pt\/en\/wp-json\/wp\/v2\/categories?post=18486"},{"taxonomy":"post_tag","embeddable":true,"href":"https:\/\/www.aemontemor.pt\/en\/wp-json\/wp\/v2\/tags?post=18486"}],"curies":[{"name":"wp","href":"https:\/\/api.w.org\/{rel}","templated":true}]}}